{"id":640,"date":"2016-04-19T14:51:49","date_gmt":"2016-04-19T12:51:49","guid":{"rendered":"https:\/\/www.iesluisvelez.org\/portal\/?p=640"},"modified":"2019-07-16T15:11:09","modified_gmt":"2019-07-16T13:11:09","slug":"buenas-practicas-en-el-desarrollo-de-la-competencia-en-comunicacion-linguistica","status":"publish","type":"post","link":"https:\/\/www.iesluisvelez.org\/portal\/2016\/04\/19\/buenas-practicas-en-el-desarrollo-de-la-competencia-en-comunicacion-linguistica\/","title":{"rendered":"BUENAS PR\u00c1CTICAS EN EL DESARROLLO DE LA COMPETENCIA EN COMUNICACI\u00d3N LING\u00dc\u00cdSTICA"},"content":{"rendered":"\n<p>Informe de la Agencia Andaluza de Evaluaci\u00f3n Educativa sobre el programa llevado a cabo en nuestro Centro denominado BUENAS PR\u00c1CTICAS EN EL DESARROLLO DE LA COMPETENCIA EN COMUNICACI\u00d3N LING\u00dc\u00cdSTICA (LENGUA ESPA\u00d1OLA)<\/p>\n\n\n\n<div class=\"wp-block-file aligncenter\"><a href=\"https:\/\/www.iesluisvelez.org\/portal\/wp-content\/uploads\/2019\/07\/estudio-sobre-buenas-practicas-comunicacion-linguistica.pdf\" target=\"_blank\" rel=\"noreferrer noopener\">Estudio sobre buenas practicas &#8211; Comunicaci\u00f3n ling\u00fc\u00edstica<\/a><a href=\"https:\/\/www.iesluisvelez.org\/portal\/wp-content\/uploads\/2019\/07\/estudio-sobre-buenas-practicas-comunicacion-linguistica.pdf\" class=\"wp-block-file__button\" download>Descarga<\/a><\/div>\n\n\n\n<div class=\"wp-block-file aligncenter\"><a href=\"https:\/\/www.iesluisvelez.org\/portal\/wp-content\/uploads\/2019\/07\/IES-Luis-V\u00e9lez-de-Guevara-Buenas-pr\u00e1cticas-Comunicaci\u00f3n-Ling\u00fcistica-1.pdf\" target=\"_blank\" rel=\"noreferrer noopener\">IES Luis V\u00e9lez de Guevara &#8211; Buenas pr\u00e1cticas &#8211; Comunicaci\u00f3n Ling\u00fc\u00edstica<\/a><a href=\"https:\/\/www.iesluisvelez.org\/portal\/wp-content\/uploads\/2019\/07\/IES-Luis-V\u00e9lez-de-Guevara-Buenas-pr\u00e1cticas-Comunicaci\u00f3n-Ling\u00fcistica-1.pdf\" class=\"wp-block-file__button\" download>Descarga<\/a><\/div>\n\n\n\n<p style=\"text-align:center\"><a rel=\"noreferrer noopener\" href=\"http:\/\/www.agaeve.es\/buenas-ling.html#ProgLing\" target=\"_blank\">Enlace a AGAEVE de la Junta de Andaluc\u00eda, con m\u00e1s informaci\u00f3n<\/a><\/p>\n","protected":false},"excerpt":{"rendered":"<p>Informe de la Agencia Andaluza de Evaluaci\u00f3n Educativa sobre el programa llevado a cabo en nuestro Centro denominado BUENAS PR\u00c1CTICAS<\/p>\n","protected":false},"author":2,"featured_media":0,"comment_status":"closed","ping_status":"open","sticky":false,"template":"","format":"standard","meta":[],"categories":[5],"tags":[21,11],"_links":{"self":[{"href":"https:\/\/www.iesluisvelez.org\/portal\/wp-json\/wp\/v2\/posts\/640"}],"collection":[{"href":"https:\/\/www.iesluisvelez.org\/portal\/wp-json\/wp\/v2\/posts"}],"about":[{"href":"https:\/\/www.iesluisvelez.org\/portal\/wp-json\/wp\/v2\/types\/post"}],"author":[{"embeddable":true,"href":"https:\/\/www.iesluisvelez.org\/portal\/wp-json\/wp\/v2\/users\/2"}],"replies":[{"embeddable":true,"href":"https:\/\/www.iesluisvelez.org\/portal\/wp-json\/wp\/v2\/comments?post=640"}],"version-history":[{"count":10,"href":"https:\/\/www.iesluisvelez.org\/portal\/wp-json\/wp\/v2\/posts\/640\/revisions"}],"predecessor-version":[{"id":652,"href":"https:\/\/www.iesluisvelez.org\/portal\/wp-json\/wp\/v2\/posts\/640\/revisions\/652"}],"wp:attachment":[{"href":"https:\/\/www.iesluisvelez.org\/portal\/wp-json\/wp\/v2\/media?parent=640"}],"wp:term":[{"taxonomy":"category","embeddable":true,"href":"https:\/\/www.iesluisvelez.org\/portal\/wp-json\/wp\/v2\/categories?post=640"},{"taxonomy":"post_tag","embeddable":true,"href":"https:\/\/www.iesluisvelez.org\/portal\/wp-json\/wp\/v2\/tags?post=640"}],"curies":[{"name":"wp","href":"https:\/\/api.w.org\/{rel}","templated":true}]}}