{"id":253,"date":"2014-11-07T20:09:09","date_gmt":"2014-11-07T19:09:09","guid":{"rendered":"https:\/\/www.iesluisvelez.org\/portal\/?p=253"},"modified":"2019-07-14T20:10:32","modified_gmt":"2019-07-14T18:10:32","slug":"proyecto-coeducacion-2014-15","status":"publish","type":"post","link":"https:\/\/www.iesluisvelez.org\/portal\/2014\/11\/07\/proyecto-coeducacion-2014-15\/","title":{"rendered":"Proyecto Coeducaci\u00f3n 2014\/15"},"content":{"rendered":"\n<div class=\"wp-block-image\"><figure class=\"alignright\"><img loading=\"lazy\" width=\"210\" height=\"206\" src=\"https:\/\/www.iesluisvelez.org\/portal\/wp-content\/uploads\/2019\/07\/coeducacion-2014-15.jpg\" alt=\"\" class=\"wp-image-254\"\/><\/figure><\/div>\n\n\n\n<p>Este plan supone un paso para contribuir a hacer real el desarrollo de valores que favorezcan una verdadera&nbsp;<strong>equiparaci\u00f3n entre hombres y mujeres en todos los \u00e1mbitos de la vida p\u00fablica y privada<\/strong>.&nbsp;La finalidad de este proyecto es educar en igualdad, erradicar estereotipos y discriminaciones por razones de sexo y prevenir sus consecuencias.<\/p>\n\n\n\n<p>Las&nbsp;<strong>actuaciones que se llevan a cabo<\/strong>&nbsp;son:&nbsp;<br><\/p>\n\n\n\n<ul><li>Crear, impulsar y coordinar medidas y actuaciones de diversa \u00edndole que refuercen, en el contexto escolar, las condiciones para desarrollar pr\u00e1cticas que promuevan la igualdad entre los sexos de forma sistem\u00e1tica y normalizada.<\/li><li>Proponer la introducci\u00f3n de cambios que incluyan la perspectiva de g\u00e9nero en la pr\u00e1ctica docente y que favorezcan pr\u00e1cticas educativas correctoras de estereotipos sexistas.<\/li><li>Promover la autoformaci\u00f3n espec\u00edfica y el trabajo en equipo del profesorado, as\u00ed como su implicaci\u00f3n y participaci\u00f3n activa en la b\u00fasqueda, adopci\u00f3n y consolidaci\u00f3n en el tiempo de las pr\u00e1cticas coeducativas.<\/li><li>Atender a problemas o cuestiones que sean relevantes para la atenci\u00f3n a la diversidad de g\u00e9nero.<\/li><li>Fomentar el uso del lenguaje no sexista.<\/li><\/ul>\n","protected":false},"excerpt":{"rendered":"<p>Este plan supone un paso para contribuir a hacer real el desarrollo de valores que favorezcan una verdadera&nbsp;equiparaci\u00f3n entre hombres<\/p>\n","protected":false},"author":2,"featured_media":0,"comment_status":"closed","ping_status":"open","sticky":false,"template":"","format":"standard","meta":[],"categories":[1],"tags":[17,11],"_links":{"self":[{"href":"https:\/\/www.iesluisvelez.org\/portal\/wp-json\/wp\/v2\/posts\/253"}],"collection":[{"href":"https:\/\/www.iesluisvelez.org\/portal\/wp-json\/wp\/v2\/posts"}],"about":[{"href":"https:\/\/www.iesluisvelez.org\/portal\/wp-json\/wp\/v2\/types\/post"}],"author":[{"embeddable":true,"href":"https:\/\/www.iesluisvelez.org\/portal\/wp-json\/wp\/v2\/users\/2"}],"replies":[{"embeddable":true,"href":"https:\/\/www.iesluisvelez.org\/portal\/wp-json\/wp\/v2\/comments?post=253"}],"version-history":[{"count":1,"href":"https:\/\/www.iesluisvelez.org\/portal\/wp-json\/wp\/v2\/posts\/253\/revisions"}],"predecessor-version":[{"id":255,"href":"https:\/\/www.iesluisvelez.org\/portal\/wp-json\/wp\/v2\/posts\/253\/revisions\/255"}],"wp:attachment":[{"href":"https:\/\/www.iesluisvelez.org\/portal\/wp-json\/wp\/v2\/media?parent=253"}],"wp:term":[{"taxonomy":"category","embeddable":true,"href":"https:\/\/www.iesluisvelez.org\/portal\/wp-json\/wp\/v2\/categories?post=253"},{"taxonomy":"post_tag","embeddable":true,"href":"https:\/\/www.iesluisvelez.org\/portal\/wp-json\/wp\/v2\/tags?post=253"}],"curies":[{"name":"wp","href":"https:\/\/api.w.org\/{rel}","templated":true}]}}