{"id":227,"date":"2014-02-04T19:45:31","date_gmt":"2014-02-04T18:45:31","guid":{"rendered":"https:\/\/www.iesluisvelez.org\/portal\/?p=227"},"modified":"2019-07-14T19:48:56","modified_gmt":"2019-07-14T17:48:56","slug":"227","status":"publish","type":"post","link":"https:\/\/www.iesluisvelez.org\/portal\/2014\/02\/04\/227\/","title":{"rendered":"Campa\u00f1a recogida alimentos para C\u00e1ritas y Pueblo Saharaui"},"content":{"rendered":"\n<p>El pasado 30 de Enero finaliz\u00f3 la campa\u00f1a de recogida de alimentos&nbsp;<strong>\u00abUn ni\u00f1o, una merienda\u00bb<\/strong>&nbsp;a beneficio de C\u00e1ritas Parroquia de Santa Cruz. Queremos dar las gracias a todos los que han colaborado. En total se han recogido m\u00e1s de 400 kilos de alimentos repartidos de la siguiente forma:<\/p>\n\n\n\n<ul><li>205 paquetes de leche.<\/li><li>109 paquetes de az\u00facar.<\/li><li>91 botes de cacao.<br><\/li><\/ul>\n\n\n\n<figure class=\"wp-block-image\"><img loading=\"lazy\" width=\"797\" height=\"595\" src=\"https:\/\/www.iesluisvelez.org\/portal\/wp-content\/uploads\/2019\/07\/recogida-alimentos-1.jpg\" alt=\"\" class=\"wp-image-228\" srcset=\"https:\/\/www.iesluisvelez.org\/portal\/wp-content\/uploads\/2019\/07\/recogida-alimentos-1.jpg 797w, https:\/\/www.iesluisvelez.org\/portal\/wp-content\/uploads\/2019\/07\/recogida-alimentos-1-300x224.jpg 300w, https:\/\/www.iesluisvelez.org\/portal\/wp-content\/uploads\/2019\/07\/recogida-alimentos-1-768x573.jpg 768w\" sizes=\"(max-width: 797px) 100vw, 797px\" \/><\/figure>\n\n\n\n<p>Felicitar a la profe M\u00aa Jos\u00e9 Jim\u00e9nez que result\u00f3 ser la agraciada en el sorteo del bal\u00f3n firmado por Cristiano Ronaldo. En la foto vemos a D. Jes\u00fas Ostos, Director de C\u00e1ritas Parroquia de Santa Cruz junto a M\u00aa Jos\u00e9 Jim\u00e9nez y Andrea S\u00e1nchez, organizadora de esta solidaria campa\u00f1a.<\/p>\n\n\n\n<p>Asimismo queremos recordar que hasta el 7 de Febrero tenemos abierta la campa\u00f1a de recogida de alimentos a beneficio del&nbsp;<strong>Pueblo Saharaui<\/strong>&nbsp;en la cual ya llevamos varios a\u00f1os colaborando. Pod\u00e9is dejar los alimentos (no perecederos) en Conserjer\u00eda. Muchas gracias de antemano.<\/p>\n\n\n\n<figure class=\"wp-block-image\"><img loading=\"lazy\" width=\"793\" height=\"595\" src=\"https:\/\/www.iesluisvelez.org\/portal\/wp-content\/uploads\/2019\/07\/recogida-alimentos-2.jpg\" alt=\"\" class=\"wp-image-229\" srcset=\"https:\/\/www.iesluisvelez.org\/portal\/wp-content\/uploads\/2019\/07\/recogida-alimentos-2.jpg 793w, https:\/\/www.iesluisvelez.org\/portal\/wp-content\/uploads\/2019\/07\/recogida-alimentos-2-300x225.jpg 300w, https:\/\/www.iesluisvelez.org\/portal\/wp-content\/uploads\/2019\/07\/recogida-alimentos-2-768x576.jpg 768w\" sizes=\"(max-width: 793px) 100vw, 793px\" \/><\/figure>\n","protected":false},"excerpt":{"rendered":"<p>El pasado 30 de Enero finaliz\u00f3 la campa\u00f1a de recogida de alimentos&nbsp;\u00abUn ni\u00f1o, una merienda\u00bb&nbsp;a beneficio de C\u00e1ritas Parroquia de<\/p>\n","protected":false},"author":2,"featured_media":0,"comment_status":"closed","ping_status":"open","sticky":false,"template":"","format":"standard","meta":[],"categories":[1],"tags":[16,11],"_links":{"self":[{"href":"https:\/\/www.iesluisvelez.org\/portal\/wp-json\/wp\/v2\/posts\/227"}],"collection":[{"href":"https:\/\/www.iesluisvelez.org\/portal\/wp-json\/wp\/v2\/posts"}],"about":[{"href":"https:\/\/www.iesluisvelez.org\/portal\/wp-json\/wp\/v2\/types\/post"}],"author":[{"embeddable":true,"href":"https:\/\/www.iesluisvelez.org\/portal\/wp-json\/wp\/v2\/users\/2"}],"replies":[{"embeddable":true,"href":"https:\/\/www.iesluisvelez.org\/portal\/wp-json\/wp\/v2\/comments?post=227"}],"version-history":[{"count":2,"href":"https:\/\/www.iesluisvelez.org\/portal\/wp-json\/wp\/v2\/posts\/227\/revisions"}],"predecessor-version":[{"id":231,"href":"https:\/\/www.iesluisvelez.org\/portal\/wp-json\/wp\/v2\/posts\/227\/revisions\/231"}],"wp:attachment":[{"href":"https:\/\/www.iesluisvelez.org\/portal\/wp-json\/wp\/v2\/media?parent=227"}],"wp:term":[{"taxonomy":"category","embeddable":true,"href":"https:\/\/www.iesluisvelez.org\/portal\/wp-json\/wp\/v2\/categories?post=227"},{"taxonomy":"post_tag","embeddable":true,"href":"https:\/\/www.iesluisvelez.org\/portal\/wp-json\/wp\/v2\/tags?post=227"}],"curies":[{"name":"wp","href":"https:\/\/api.w.org\/{rel}","templated":true}]}}