{"id":1859,"date":"2021-02-11T21:22:30","date_gmt":"2021-02-11T20:22:30","guid":{"rendered":"https:\/\/www.iesluisvelez.org\/portal\/?p=1859"},"modified":"2021-05-19T21:05:52","modified_gmt":"2021-05-19T19:05:52","slug":"dia-internacional-de-la-paz-y-la-no-violencia","status":"publish","type":"post","link":"https:\/\/www.iesluisvelez.org\/portal\/2021\/02\/11\/dia-internacional-de-la-paz-y-la-no-violencia\/","title":{"rendered":"D\u00eda Internacional de la paz y la no violencia"},"content":{"rendered":"\n<p>El pasado d\u00eda 28 de enero se celebr\u00f3 en nuestro IES el d\u00eda Internacional de la paz y la no violencia. Para ello se han organizado varias actividades que se desarrollaron a lo largo de la semana, entre ellas la organizaci\u00f3n de un concurso sobre papiroflexia, elaboraci\u00f3n desde las diferentes \u00e1reas de trabajos relacionados con esta celebraci\u00f3n y como colof\u00f3n final la actividad que os presentamos a continuaci\u00f3n en este v\u00eddeo.<\/p>\n\n\n\n<figure class=\"wp-block-embed-youtube wp-block-embed is-type-video is-provider-youtube wp-embed-aspect-16-9 wp-has-aspect-ratio\"><div class=\"wp-block-embed__wrapper\">\n<iframe loading=\"lazy\" title=\"D\u00eda Internacional de la paz y la no violencia curso 20\/21\" width=\"800\" height=\"450\" src=\"https:\/\/www.youtube.com\/embed\/I0DnNH9qTDU?feature=oembed\" frameborder=\"0\" allow=\"accelerometer; autoplay; clipboard-write; encrypted-media; gyroscope; picture-in-picture\" allowfullscreen><\/iframe>\n<\/div><\/figure>\n\n\n\n<p>Desde el Proyecto \u00abEscuela espacio de paz\u00bb queremos agradecer a los alumnos que han participado en el desarrollo de esta actividad por su implicaci\u00f3n en la misma, especialmente a:<\/p>\n\n\n\n<p>Alumnas del Ciclo Formativo Atenci\u00f3n a personas en Situaci\u00f3n de dependencia<\/p>\n\n\n\n<ul><li>Alba M\u00aa G\u00e1lvez<\/li><li>Paola S\u00e1nchez<\/li><li>Silvia Barrera<\/li><\/ul>\n\n\n\n<p>Alumn@s de 3\u00ba ESO<\/p>\n\n\n\n<ul><li>Gonzalo Navarro<\/li><li>Paula Morej\u00f3n<\/li><li>Nazaret Salguero<\/li><\/ul>\n\n\n\n<p>Alumno del Ciclo Formativo de ASIR<\/p>\n\n\n\n<ul><li>Miguel Urbaneja<\/li><\/ul>\n\n\n\n<p>Muchas gracias a tod@s.<\/p>\n","protected":false},"excerpt":{"rendered":"<p>El pasado d\u00eda 28 de enero se celebr\u00f3 en nuestro IES el d\u00eda Internacional de la paz y la no<\/p>\n","protected":false},"author":2,"featured_media":0,"comment_status":"closed","ping_status":"open","sticky":false,"template":"","format":"standard","meta":[],"categories":[4],"tags":[16],"_links":{"self":[{"href":"https:\/\/www.iesluisvelez.org\/portal\/wp-json\/wp\/v2\/posts\/1859"}],"collection":[{"href":"https:\/\/www.iesluisvelez.org\/portal\/wp-json\/wp\/v2\/posts"}],"about":[{"href":"https:\/\/www.iesluisvelez.org\/portal\/wp-json\/wp\/v2\/types\/post"}],"author":[{"embeddable":true,"href":"https:\/\/www.iesluisvelez.org\/portal\/wp-json\/wp\/v2\/users\/2"}],"replies":[{"embeddable":true,"href":"https:\/\/www.iesluisvelez.org\/portal\/wp-json\/wp\/v2\/comments?post=1859"}],"version-history":[{"count":1,"href":"https:\/\/www.iesluisvelez.org\/portal\/wp-json\/wp\/v2\/posts\/1859\/revisions"}],"predecessor-version":[{"id":1860,"href":"https:\/\/www.iesluisvelez.org\/portal\/wp-json\/wp\/v2\/posts\/1859\/revisions\/1860"}],"wp:attachment":[{"href":"https:\/\/www.iesluisvelez.org\/portal\/wp-json\/wp\/v2\/media?parent=1859"}],"wp:term":[{"taxonomy":"category","embeddable":true,"href":"https:\/\/www.iesluisvelez.org\/portal\/wp-json\/wp\/v2\/categories?post=1859"},{"taxonomy":"post_tag","embeddable":true,"href":"https:\/\/www.iesluisvelez.org\/portal\/wp-json\/wp\/v2\/tags?post=1859"}],"curies":[{"name":"wp","href":"https:\/\/api.w.org\/{rel}","templated":true}]}}